{"id":309,"date":"2020-05-24T16:51:37","date_gmt":"2020-05-24T14:51:37","guid":{"rendered":"https:\/\/jeanjacquesmandel.com\/?p=309"},"modified":"2020-05-25T10:35:41","modified_gmt":"2020-05-25T08:35:41","slug":"lhomme-derriere-larbre-un-haitien-au-liberia-par-roger-dorsinville-et-jean-jacques-mandel","status":"publish","type":"post","link":"https:\/\/jeanjacquesmandel.com\/fr\/lhomme-derriere-larbre-un-haitien-au-liberia-par-roger-dorsinville-et-jean-jacques-mandel\/","title":{"rendered":"L\u2019HOMME DERRIERE L\u2019ARBRE, UN HAITIEN AU LIBERIA Par Roger Dorsinville et Jean-Jacques Mandel"},"content":{"rendered":"<p>Roger Dorsinville est un des \u00e9crivains majeurs de l\u2019histoire contemporaine d\u2019 Haiti. Tour \u00e0 tour po\u00e8te, essayiste, pol\u00e9miste, journaliste, homme politique et romancier prolifique. Au d\u00e9but des ann\u00e9es 1960, fuyant la dictature sanglante de Papa Doc il s\u2019embarque pour 30 ans d\u2019exil en Afrique \u00e0 la recherche de ses racines. Parti \u00e0 la demande de L\u00e9opold S\u00e9dar Senghor comme conseiller culturel \u00e0 Monrovia au Liberia. Il se retrouve ethnologue sur le terrain pour pr\u00e9parer une troupe nationale au premier Festival des Arts N\u00e8gres de Dakar, en 1966.<\/p>\n<p>De sa rencontre, au Liberia, avec la tradition de la terre de ses anc\u00eatres il a tenu un carnet de route intimiste et naturaliste qu\u2019il a fix\u00e9 sur de la pellicule\u00a0: pr\u00e8s de mille n\u00e9gatif photographiques racontent en noir et blanc sa longue initiation, avant la d\u00e9couverte de sa v\u00e9ritable identit\u00e9. Parcours qui a d\u00e9finitivement transform\u00e9 l\u2019homme en \u00e9crivain.<\/p>\n<p>Anticipant ses romans les photographies de Roger Dorsinville sont indissociablement li\u00e9es \u00e0 toute son \u0153uvre\u00a0: elles nous montrent le fr\u00eale pont qui relie la parole de l\u2019Invisible \u00e0 l\u2019\u00e9criture du romancier.<\/p>\n<p>&nbsp;<\/p>\n<p>Lire ci dessous<\/p>\n<p>&nbsp;<\/p>\n<p><a href=\"https:\/\/jeanjacquesmandel.com\/wp-content\/uploads\/2020\/05\/One_Man_s_Sande_Roger_Dorsinville_s_Phot.pdf\" target=\"_blank\" rel=\"noopener noreferrer\">\u00ab\u00a0One Man\u2019s Sande\u00a0\u00bb\u00a0: Roger Dorsinville\u2019s \u00ab\u00a0L\u2019homme derri\u00e8re l\u2019arbre\u00a0: un Haitien au Liberia\u00a0\u00bb, a Photograpic Initiation\u00a0\u00bb.<\/a><\/p>\n<p>Author\u00a0: George Lang<\/p>\n<p>Source \u00ab\u00a0Research in African Litteratures. Vol 26, N\u00b03, Automn 1995<\/p>\n<p>Extrait de INDIANA UNIVERSITY PRESS<\/p>\n","protected":false},"excerpt":{"rendered":"<p>Roger Dorsinville est un des \u00e9crivains majeurs de l\u2019histoire contemporaine d\u2019 Haiti. Tour \u00e0 tour po\u00e8te, essayiste, pol\u00e9miste, journaliste, homme politique et romancier prolifique. Au d\u00e9but des ann\u00e9es 1960, fuyant la dictature sanglante de Papa Doc il s\u2019embarque pour 30 ans d\u2019exil en Afrique \u00e0&#8230;<\/p>\n","protected":false},"author":1,"featured_media":313,"comment_status":"open","ping_status":"open","sticky":false,"template":"","format":"standard","meta":[],"categories":[1],"tags":[],"acf":[],"_links":{"self":[{"href":"https:\/\/jeanjacquesmandel.com\/fr\/wp-json\/wp\/v2\/posts\/309"}],"collection":[{"href":"https:\/\/jeanjacquesmandel.com\/fr\/wp-json\/wp\/v2\/posts"}],"about":[{"href":"https:\/\/jeanjacquesmandel.com\/fr\/wp-json\/wp\/v2\/types\/post"}],"author":[{"embeddable":true,"href":"https:\/\/jeanjacquesmandel.com\/fr\/wp-json\/wp\/v2\/users\/1"}],"replies":[{"embeddable":true,"href":"https:\/\/jeanjacquesmandel.com\/fr\/wp-json\/wp\/v2\/comments?post=309"}],"version-history":[{"count":8,"href":"https:\/\/jeanjacquesmandel.com\/fr\/wp-json\/wp\/v2\/posts\/309\/revisions"}],"predecessor-version":[{"id":335,"href":"https:\/\/jeanjacquesmandel.com\/fr\/wp-json\/wp\/v2\/posts\/309\/revisions\/335"}],"wp:featuredmedia":[{"embeddable":true,"href":"https:\/\/jeanjacquesmandel.com\/fr\/wp-json\/wp\/v2\/media\/313"}],"wp:attachment":[{"href":"https:\/\/jeanjacquesmandel.com\/fr\/wp-json\/wp\/v2\/media?parent=309"}],"wp:term":[{"taxonomy":"category","embeddable":true,"href":"https:\/\/jeanjacquesmandel.com\/fr\/wp-json\/wp\/v2\/categories?post=309"},{"taxonomy":"post_tag","embeddable":true,"href":"https:\/\/jeanjacquesmandel.com\/fr\/wp-json\/wp\/v2\/tags?post=309"}],"curies":[{"name":"wp","href":"https:\/\/api.w.org\/{rel}","templated":true}]}}